{"id":218,"date":"2025-02-20T14:00:20","date_gmt":"2025-02-20T13:00:20","guid":{"rendered":"https:\/\/iniso.fr\/?p=218"},"modified":"2025-02-20T14:04:46","modified_gmt":"2025-02-20T13:04:46","slug":"installation-dune-borne-irve","status":"publish","type":"post","link":"https:\/\/iniso.fr\/index.php\/2025\/02\/20\/installation-dune-borne-irve\/","title":{"rendered":"Installation d&#8217;une borne IRVE"},"content":{"rendered":"\n<p>INISO a install\u00e9 une borne de recharge pour v\u00e9hicule \u00e9lectrique de la marque Wellborne. Pour cela, nous avons r\u00e9alis\u00e9 le passage de c\u00e2ble d&#8217;alimentation sous protection IRL aussi que la protection \u00e9lectrique de cette borne dans le tableau \u00e9lectrique en respectant les normes NF C15-100 et NF C15-722.<\/p>\n\n\n\n<figure class=\"wp-block-image size-full\"><img loading=\"lazy\" decoding=\"async\" width=\"569\" height=\"569\" src=\"https:\/\/iniso.fr\/wp-content\/uploads\/2025\/02\/Wellborne1.png\" alt=\"\" class=\"wp-image-219\" srcset=\"https:\/\/iniso.fr\/wp-content\/uploads\/2025\/02\/Wellborne1.png 569w, https:\/\/iniso.fr\/wp-content\/uploads\/2025\/02\/Wellborne1-300x300.png 300w, https:\/\/iniso.fr\/wp-content\/uploads\/2025\/02\/Wellborne1-150x150.png 150w\" sizes=\"auto, (max-width: 569px) 100vw, 569px\" \/><\/figure>\n","protected":false},"excerpt":{"rendered":"<p>INISO a install\u00e9 une borne de recharge pour v\u00e9hicule \u00e9lectrique de la marque Wellborne. Pour cela, nous avons r\u00e9alis\u00e9 le passage de c\u00e2ble d&#8217;alimentation sous protection IRL aussi que la protection \u00e9lectrique de cette borne dans le tableau \u00e9lectrique en<\/p>\n","protected":false},"author":1,"featured_media":0,"comment_status":"closed","ping_status":"closed","sticky":false,"template":"","format":"standard","meta":{"footnotes":""},"categories":[1],"tags":[17,27,26,4,16,15,14,6,23,28],"class_list":["post-218","post","type-post","status-publish","format-standard","hentry","category-blog","tag-17","tag-borne-irve","tag-electricien-2","tag-electricite","tag-loire-atlantique","tag-nantes","tag-sainte-luce-sur-loire","tag-tableau-electrique","tag-vehicule-electrique","tag-vehicule-rechargeable"],"_links":{"self":[{"href":"https:\/\/iniso.fr\/index.php\/wp-json\/wp\/v2\/posts\/218","targetHints":{"allow":["GET"]}}],"collection":[{"href":"https:\/\/iniso.fr\/index.php\/wp-json\/wp\/v2\/posts"}],"about":[{"href":"https:\/\/iniso.fr\/index.php\/wp-json\/wp\/v2\/types\/post"}],"author":[{"embeddable":true,"href":"https:\/\/iniso.fr\/index.php\/wp-json\/wp\/v2\/users\/1"}],"replies":[{"embeddable":true,"href":"https:\/\/iniso.fr\/index.php\/wp-json\/wp\/v2\/comments?post=218"}],"version-history":[{"count":2,"href":"https:\/\/iniso.fr\/index.php\/wp-json\/wp\/v2\/posts\/218\/revisions"}],"predecessor-version":[{"id":224,"href":"https:\/\/iniso.fr\/index.php\/wp-json\/wp\/v2\/posts\/218\/revisions\/224"}],"wp:attachment":[{"href":"https:\/\/iniso.fr\/index.php\/wp-json\/wp\/v2\/media?parent=218"}],"wp:term":[{"taxonomy":"category","embeddable":true,"href":"https:\/\/iniso.fr\/index.php\/wp-json\/wp\/v2\/categories?post=218"},{"taxonomy":"post_tag","embeddable":true,"href":"https:\/\/iniso.fr\/index.php\/wp-json\/wp\/v2\/tags?post=218"}],"curies":[{"name":"wp","href":"https:\/\/api.w.org\/{rel}","templated":true}]}}